{"id":17415,"date":"2023-05-02T15:06:15","date_gmt":"2023-05-02T21:06:15","guid":{"rendered":"http:\/\/leonjoven.gob.mx\/?p=17415"},"modified":"2023-05-02T15:19:19","modified_gmt":"2023-05-02T21:19:19","slug":"las-bandas-asociacion-y-convivencia-juvenil","status":"publish","type":"post","link":"http:\/\/leonjoven.gob.mx\/?p=17415","title":{"rendered":"Las bandas: asociaci\u00f3n y convivencia juvenil"},"content":{"rendered":"\n[et_pb_section fb_built=&#8221;1&#8243; fullwidth=&#8221;on&#8221; _builder_version=&#8221;3.22&#8243; custom_padding=&#8221;0px|0px|0|0px|false|false&#8221; custom_css_before=&#8221;.et_hide_nav.et_fixed_nav .et-fixed-header#main-header, .et_hide_nav.et_fixed_nav .et-fixed-header#top-header, .et_hide_nav.et_non_fixed_nav.et_transparent_nav .et-fixed-header#main-header, .et_hide_nav.et_non_fixed_nav.et_transparent_nav .et-fixed-header#top-header {display:none !important;}.footer-widget {display:none !important;}&#8221; custom_css_main_element=&#8221;.et_hide_nav.et_fixed_nav .et-fixed-header#main-header, .et_hide_nav.et_fixed_nav .et-fixed-header#top-header, .et_hide_nav.et_non_fixed_nav.et_transparent_nav .et-fixed-header#main-header, .et_hide_nav.et_non_fixed_nav.et_transparent_nav .et-fixed-header#top-header {display:none !important;}||||.footer-widget {display:none !important;}&#8221; custom_css_after=&#8221;.et_hide_nav.et_fixed_nav .et-fixed-header#main-header, .et_hide_nav.et_fixed_nav .et-fixed-header#top-header, .et_hide_nav.et_non_fixed_nav.et_transparent_nav .et-fixed-header#main-header, .et_hide_nav.et_non_fixed_nav.et_transparent_nav .et-fixed-header#top-header {display:none !important;}.footer-widget {display:none !important;}&#8221; saved_tabs=&#8221;all&#8221;][et_pb_fullwidth_image src=&#8221;http:\/\/leonjoven.gob.mx\/wp-content\/uploads\/2020\/03\/header2.jpg&#8221; url=&#8221;http:\/\/leonjoven.gob.mx\/?page_id=5533&#8243; _builder_version=&#8221;3.21&#8243;][\/et_pb_fullwidth_image][\/et_pb_section][et_pb_section fb_built=&#8221;1&#8243; _builder_version=&#8221;3.22&#8243; custom_padding=&#8221;1px|0px|9px|0px|false|false&#8221;][et_pb_row _builder_version=&#8221;3.25&#8243; custom_padding=&#8221;0|0px|0|0px|false|false&#8221;][et_pb_column type=&#8221;4_4&#8243; _builder_version=&#8221;3.25&#8243; custom_padding=&#8221;|||&#8221; custom_padding__hover=&#8221;|||&#8221;][et_pb_image src=&#8221;http:\/\/leonjoven.gob.mx\/wp-content\/uploads\/2023\/05\/Banner-Articulo.jpg&#8221; title_text=&#8221;Banner Art\u00edculo&#8221; force_fullwidth=&#8221;on&#8221; align_tablet=&#8221;center&#8221; align_phone=&#8221;&#8221; align_last_edited=&#8221;on|desktop&#8221; _builder_version=&#8221;4.7.7&#8243; hover_enabled=&#8221;0&#8243; sticky_enabled=&#8221;0&#8243;][\/et_pb_image][\/et_pb_column][\/et_pb_row][et_pb_row _builder_version=&#8221;3.25&#8243; custom_padding=&#8221;0|0px|26px|0px|false|false&#8221;][et_pb_column type=&#8221;4_4&#8243; _builder_version=&#8221;3.25&#8243; custom_padding=&#8221;|||&#8221; custom_padding__hover=&#8221;|||&#8221;][et_pb_text _builder_version=&#8221;4.7.7&#8243; text_text_color=&#8221;#000000&#8243; text_orientation=&#8221;center&#8221; min_height=&#8221;2034.4px&#8221; hover_enabled=&#8221;0&#8243; sticky_enabled=&#8221;0&#8243;]<p style=\"text-align: justify;\">\n<p style=\"text-align: justify;\">\n<p style=\"text-align: justify;\">\n<p style=\"text-align: justify;\">\n<p style=\"text-align: justify;\">\n<p style=\"text-align: justify;\">Existen m\u00faltiples formas en las que los j\u00f3venes se asocian o se re\u00fanen de manera colectiva. Las razones por las que esto sucede son diversas y, en contextos donde la vulnerabilidad est\u00e1 presente, dichas formas de asociaci\u00f3n adquieren un sentido particular; ya que, desarrollan pr\u00e1cticas y comportamientos espec\u00edficos que vienen a dar significado y sostenimiento a una realidad social compleja y adversa.<\/p>\n<p style=\"text-align: justify;\">En el caso de las ciudades, principalmente, una de las maneras en la que las personas j\u00f3venes se agrupan es a trav\u00e9s de las bandas o pandillas. Colectividades que poseen un comportamiento definido como: agresivo, defensivo y violento; pero \u00bfQu\u00e9 son las bandas o pandillas?, \u00bfpor qu\u00e9 han tenido una gran importancia en los sectores populares?, \u00bfqu\u00e9 ha permitido su permanencia en el tiempo?, \u00bfc\u00f3mo son actualmente estas agrupaciones?<\/p>\n<h3>\u00a0<\/h3>\n<h3 style=\"text-align: left;\"><strong>Las bandas o pandillas en el contexto de la ciudad<\/strong><\/h3>\n<p style=\"text-align: justify;\">El fen\u00f3meno sociocultural de las bandas o pandillas tiene presencia, al menos, desde la d\u00e9cada de los treinta en Estados Unidos. Los soci\u00f3logos de la escuela de Chicago, Thrasher (1936) y Whyte (1943), observaron que, en las principales zonas populares del pa\u00eds vecino, se hab\u00edan creado agrupaciones con caracter\u00edsticas vinculadas con la protecci\u00f3n y delimitaci\u00f3n del territorio como resultado de la identidad \u00e9tnica, ritos de iniciaci\u00f3n, c\u00f3digos de vestimenta, entre otros.\u00a0<\/p>\n<p style=\"text-align: justify;\">La migraci\u00f3n que trajo la Primera Guerra Mundial dio como resultado la creaci\u00f3n de un mosaico cultural donde se manifest\u00f3 la interculturalidad con la formaci\u00f3n de barrios con identidad nacional (barrio italiano, barrio irland\u00e9s, barrio jud\u00edo, etc.) y donde hubo una presencia importante de grupos juveniles que crearon una imagen propia <em>ad hoc<\/em> a sus usos, costumbres y pr\u00e1cticas.<\/p>\n<p style=\"text-align: justify;\">Con esto vino el surgimiento en masa de bandas o <em>\u201cgangs,\u201d,<\/em> mismas que fueron generando sus propias formas de identificaci\u00f3n; entre las que destacaron el uso del n\u00famero de la calle donde viv\u00edan, alguna caracter\u00edstica \u00e9tnica o bien, alg\u00fan adjetivo calificativo asociado al m\u00e1s fuerte, violento, ind\u00f3mito o gallardo.<\/p>\n<p style=\"text-align: justify;\">As\u00ed, observamos la expansi\u00f3n de este fen\u00f3meno sociocultural que tuvo una implicaci\u00f3n social importante en la juventud estadounidense y que lleg\u00f3 a su consolidaci\u00f3n en los a\u00f1os sesenta y setenta.<\/p>\n<p style=\"text-align: justify;\">Las pandillas eran agrupaciones con una estructura organizacional (pose\u00edan un presidente, jefe de guerra y un gestapo<a href=\"#_ftn1\" name=\"_ftnref1\"><span>[1]<\/span><\/a>), una forma de vestir vinculada con los bandidos en motocicleta (chalecos de creaci\u00f3n artesanal con insignias de la pandilla, pantalones de mezclilla y botas), un estilo de m\u00fasica popular (principalmente rock) y un comportamiento belicoso ante otras pandillas.<\/p>\n<p style=\"text-align: justify;\">Bajo esta perspectiva las bandas o pandillas se convirtieron en un modelo de sociabilidad que organiza el espacio y el tiempo de la vida cotidiana, percibidas por sus miembros como una segunda familia o la escuela de la vida. Se ubicaron principalmente en la periferia de las grandes ciudades y manteniendo v\u00ednculos profundos con el territorio, cuya defensa es el motivo de conflictos end\u00e9micos con otras bandas (Feixa, 2012).<\/p>\n<p style=\"text-align: left;\"><strong>\u00a0<\/strong><\/p>\n<h3 style=\"text-align: left;\"><strong>Las bandas en M\u00e9xico y su transformaci\u00f3n en el tiempo<\/strong><\/h3>\n<p style=\"text-align: justify;\">Debido a las condiciones sociales (precariedad y desigualdad social), a la expansi\u00f3n de los medios de comunicaci\u00f3n y a los movimientos migratorios en la d\u00e9cada de los ochenta y noventa los j\u00f3venes recibieron la influencia de esta forma de organizaci\u00f3n que romp\u00eda totalmente con concepci\u00f3n del mundo adulto: consumos poco convencionales como la m\u00fasica, la vestimenta y las sustancias psicoactivas.<\/p>\n<p style=\"text-align: justify;\">\n<p style=\"text-align: justify;\">En los ochenta lo que observamos fue la creaci\u00f3n de bandas vinculadas con la est\u00e9tica del punk rock, influenciada por algunas pel\u00edculas estadounidenses, donde destac\u00f3 \u201cThe Warriors\u201d filme en el que mostraba a un grupo de j\u00f3venes con una identidad propia, valientes y agresivos tratando de llegar a su territorio; en el transcurso deben enfrentar a otras pandillas y ganar su respeto.<\/p>\n<p style=\"text-align: justify;\">\n<p style=\"text-align: justify;\">El caso m\u00e1s conocido de este tipo de bandas fueron los Panchitos de la Ciudad de M\u00e9xico, j\u00f3venes provenientes de sectores populares que adquirieron fama debido a su \u201cpresencia\u201d en la ciudad como: ind\u00f3mitos, violentos y con un sentido del territorio muy fuerte. De hecho, fue tal su reconocimiento en la ciudad que se realizaron pel\u00edculas, reportajes y documentales sobre la banda.<\/p>\n<p style=\"text-align: justify;\">\n<p style=\"text-align: justify;\">Fue as\u00ed como surgieron un sinn\u00famero de bandas en el pa\u00eds, pod\u00eda reconoc\u00e9rseles desde los nombres que utilizaban (los Scorpions, los Rolling Stones, Sex Pistols), las chamarras de cuero, pantalones de mezclilla entubados y peinados de corte exagerado u alborotado (picos y crestas) y cara maquillada con tonos obscuros (principalmente labios y ojos).<\/p>\n<p><strong>\u00a0<\/strong><\/p>\n<h3 style=\"text-align: left;\"><strong>Las bandas de los noventa: Los cholos<\/strong><\/h3>\n<p style=\"text-align: justify;\">En los noventa la est\u00e9tica de las bandas adquiri\u00f3 un sentido distinto, ya que los j\u00f3venes comenzaron a adoptar nuevas formas de hablar, vestir e identificarse de manera grupal e individual. Influenciados por la est\u00e9tica chicana empezaron a vestir de manera holgada, ahora ya no eran cortes de cabello exagerados sino cabezas rapadas, los converse, nike cortez y adidas superstar (con cintas anchas) eran los zapatos utilizados. La m\u00fasica que escuchaban eran las \u201coldies\u201d, canciones de los 50, 60, y 70 de distintos g\u00e9neros como el Rythm &amp; Blues, Boogie Woogie, Doo Wop y Rock &amp; Roll.<\/p>\n<p style=\"text-align: justify;\">\n<p style=\"text-align: justify;\">Por otro lado, los referentes ideol\u00f3gicos estaban vinculados con \u00edconos precolombinos y de la revoluci\u00f3n mexicana, as\u00ed como im\u00e1genes religiosas (Zapata, Villa, Aztl\u00e1n, Quetzalc\u00f3atl y la Virgen de Guadalupe), mismos que fueron plasmando en los muros de sus espacios de convivencia y en sus cuerpos. Tambi\u00e9n desarrollaron tipograf\u00edas de letras que eran utilizadas para plasmar el nombre y n\u00famero de la banda por doquier.<\/p>\n<p style=\"text-align: justify;\">\n<p style=\"text-align: justify;\">As\u00ed como sucedi\u00f3 con las bandas surgidas en los 80, las bandas con est\u00e9tica chicana de los 90 adem\u00e1s estar influenciadas por familiares que hab\u00edan sido deportados y por la pel\u00edcula Blood in Blood out, mejor conocida con el nombre de Sangre por Sangre, que posteriormente se convirti\u00f3 en baluarte de quienes se identifican con esta cultura urbana. Este filme permiti\u00f3 que muchos j\u00f3venes conocieran una forma de expresi\u00f3n que les permiti\u00f3 identificarse y formar parte de un grupo, sobre todo aquellos que se le hab\u00eda negado pertenecer a agrupaciones juveniles convencionales por su origen social.<\/p>\n<p style=\"text-align: justify;\">\n<p style=\"text-align: justify;\">Con el tiempo fueron surgiendo m\u00e1s agrupaciones en todo el pa\u00eds, muchas de ellas bajo el nombre de las agrupaciones de la pel\u00edcula antes mencionada (Vatos Locos y 3 puntos), tambi\u00e9n crearon su propio ambiente de recreaci\u00f3n y ocio entre los que destac\u00f3 su afici\u00f3n por la cumbia colombiana por medio de los bailes sonideros.<\/p>\n<p style=\"text-align: justify;\">\n<p style=\"text-align: justify;\">Debido al car\u00e1cter territorial que pose\u00edan, sus consumos y sus formas agresivas de manifestarse hubo un comportamiento de rechazo y estigmatizaci\u00f3n por parte de la sociedad civil, incluso el tratamiento que se cre\u00f3 para quienes pertenec\u00edan a bandas desde una perspectiva gubernamental estuvo encaminado reformar sus pr\u00e1cticas juveniles, de tal forma que esas personas que se autodefin\u00edan como cholos y pertenecientes a bandas deb\u00edan en alg\u00fan momento de su vida dejar de serlo.<\/p>\n<p>&nbsp;<\/p>\n<h3 style=\"text-align: left;\"><strong>La importancia de las bandas como base y sost\u00e9n de las personas j\u00f3venes<\/strong><\/h3>\n<p style=\"text-align: justify;\">Las bandas han permitido que las personas j\u00f3venes encuentren una oportunidad de ser e identificarse entre s\u00ed, lo que se resume en la posibilidad de manifestar su existencia en un mundo que se presenta hostil. Se ha pensado que este tipo de asociaciones juveniles pervierten a quienes son parte de \u00e9stas cuando son las circunstancias del ambiente donde surgen (robos, drogadicci\u00f3n y peleas) las que alteran en entorno social y no al rev\u00e9s.<\/p>\n<p style=\"text-align: justify;\">\n<p style=\"text-align: justify;\">Por otro lado, la identidad que se construye alrededor de la banda es inicialmente una identidad territorial y, aunque el perfil de este tipo de bandas ha cambiado, los grupos de j\u00f3venes se re\u00fanen en las calles como \u00fanico espacio de socializaci\u00f3n, lo que se traduce en la apropiaci\u00f3n del espacio urbano pues se hace de \u00e9l un lugar digno para estar y ser.<\/p>\n<p style=\"text-align: justify;\">La principal actividad de la banda es compartir el tiempo libre y platicar. Aunque los espacios de convivencia y las pr\u00e1cticas culturales urbanas (barber\u00eda, tatuaje, grafiti, bicicletas y autos modificados), tambi\u00e9n son el principal motivo de reuni\u00f3n, ya que es a trav\u00e9s de esto que encuentran una posibilidad de expresar sus necesidades, objetivos e intereses.<\/p>\n<p style=\"text-align: justify;\">\n<p style=\"text-align: justify;\">La banda es un espacio de contenci\u00f3n social, fortalece individualmente al joven que se enfrenta a una realidad compleja, con escasos recursos econ\u00f3micos, sociales, o hasta morales. Pertenecer a la banda significa no estar solo, sensaci\u00f3n que es muy dif\u00edcil que se construya en esta etapa de la vida (Berthier, 2002).<\/p>\n<p style=\"text-align: justify;\">\n<p style=\"text-align: justify;\">Actualmente se han ido configurando estas agrupaciones juveniles, ya que muchas bandas han desaparecido a lo largo del tiempo y con ello tambi\u00e9n algunas pr\u00e1cticas socioculturales asociadas a esta, como la territorialidad, las formas de vestir y comportarse en el espacio p\u00fablico. Estos cambios no significan la extinci\u00f3n de las bandas, lo que se observa es un cambio en las formas de reunirse y de autodefinirse, aunque ya no se autoproclamen bandas como tal, este formato de integraci\u00f3n colectiva sigue permeando en los j\u00f3venes ya sea por herencia o por necesidad.<\/p>\n<p style=\"text-align: justify;\"><strong>\u00a0<\/strong><\/p>\n<h3 style=\"text-align: justify;\"><strong>Referencias bibliogr\u00e1ficas <\/strong><\/h3>\n<p>&nbsp;<\/p>\n<p style=\"text-align: left;\">Castillo Berthier, H. (2002). \u00abDe las bandas a las tribus urbanas. De la transgresi\u00f3n a la nueva identidad social.\u00bb Desacatos. Revista de Ciencias Sociales, (9), 57-71.<\/p>\n<p style=\"text-align: left;\">\n<p style=\"text-align: left;\">Fe\u00edxa P\u00e1mpols, Carlos (2012). J\u00f3venes la emergencia de nuevas formas de ser y estar. Utop\u00eda y Praxis Latinoamericana, vol. 17, n\u00fam. 57, abril-junio, 2012, pp. 5-6.<\/p>\n<p style=\"text-align: left;\">\n<p style=\"text-align: left;\">Foote Whyte, William (1943). La sociedad de las esquinas. Universidad de Chicago. Editorial Diana.<\/p>\n<p style=\"text-align: left;\">\n<p style=\"text-align: left;\">Valenzuela Arce, Jose Manuel. (2009) <em>\u00abEl futuro ya fue. Socioantropologia l@s j\u00f3venes en la modernidad.\u00bb <\/em>Baja California, M\u00e9xico. Colegio de la Frontera Norte.<\/p>\n<p style=\"text-align: left;\">\n<p style=\"text-align: left;\">Thrasher, Frederic Milton (1936). The Gang: A Study of 1,313 Gangs in Chicago. Chicago, EUA. University of Chicago Library.<\/p>\n<p style=\"text-align: left;\">\n<p style=\"text-align: left;\"><a href=\"#_ftnref1\" name=\"_ftn1\"><span>[1]<\/span><\/a> Los Gestapo eran los miembros de la banda o pandilla encargados de castigar a aquel que rompiera con las reglas y normas dentro y fuera de \u00e9sta.<\/p>\n[\/et_pb_text][\/et_pb_column][\/et_pb_row][et_pb_row _builder_version=&#8221;3.25&#8243; custom_padding=&#8221;40px|0px|26.0568px|0px|false|false&#8221;][et_pb_column type=&#8221;4_4&#8243; _builder_version=&#8221;3.25&#8243; custom_padding=&#8221;|||&#8221; custom_padding__hover=&#8221;|||&#8221;][et_pb_button button_url=&#8221;http:\/\/leonjoven.gob.mx\/?page_id=7449&#8243; button_text=&#8221;Regresa al feed #NuestroMomento&#8221; button_alignment=&#8221;center&#8221; _builder_version=&#8221;4.7.7&#8243; button_text_size=&#8221;1.5em&#8221; button_text_color=&#8221;#ffffff&#8221; button_bg_color=&#8221;#008aff&#8221; button_border_width=&#8221;0px&#8221; button_font=&#8221;Poppins|300|||||||&#8221; global_module=&#8221;5837&#8243; saved_tabs=&#8221;all&#8221;][\/et_pb_button][\/et_pb_column][\/et_pb_row][\/et_pb_section]\n","protected":false},"excerpt":{"rendered":"","protected":false},"author":1,"featured_media":17418,"comment_status":"open","ping_status":"open","sticky":false,"template":"","format":"standard","meta":{"_et_pb_use_builder":"on","_et_pb_old_content":"","_et_gb_content_width":"1080"},"categories":[1],"tags":[],"_links":{"self":[{"href":"http:\/\/leonjoven.gob.mx\/index.php?rest_route=\/wp\/v2\/posts\/17415"}],"collection":[{"href":"http:\/\/leonjoven.gob.mx\/index.php?rest_route=\/wp\/v2\/posts"}],"about":[{"href":"http:\/\/leonjoven.gob.mx\/index.php?rest_route=\/wp\/v2\/types\/post"}],"author":[{"embeddable":true,"href":"http:\/\/leonjoven.gob.mx\/index.php?rest_route=\/wp\/v2\/users\/1"}],"replies":[{"embeddable":true,"href":"http:\/\/leonjoven.gob.mx\/index.php?rest_route=%2Fwp%2Fv2%2Fcomments&post=17415"}],"version-history":[{"count":3,"href":"http:\/\/leonjoven.gob.mx\/index.php?rest_route=\/wp\/v2\/posts\/17415\/revisions"}],"predecessor-version":[{"id":17420,"href":"http:\/\/leonjoven.gob.mx\/index.php?rest_route=\/wp\/v2\/posts\/17415\/revisions\/17420"}],"wp:featuredmedia":[{"embeddable":true,"href":"http:\/\/leonjoven.gob.mx\/index.php?rest_route=\/wp\/v2\/media\/17418"}],"wp:attachment":[{"href":"http:\/\/leonjoven.gob.mx\/index.php?rest_route=%2Fwp%2Fv2%2Fmedia&parent=17415"}],"wp:term":[{"taxonomy":"category","embeddable":true,"href":"http:\/\/leonjoven.gob.mx\/index.php?rest_route=%2Fwp%2Fv2%2Fcategories&post=17415"},{"taxonomy":"post_tag","embeddable":true,"href":"http:\/\/leonjoven.gob.mx\/index.php?rest_route=%2Fwp%2Fv2%2Ftags&post=17415"}],"curies":[{"name":"wp","href":"https:\/\/api.w.org\/{rel}","templated":true}]}}